{"id":1149,"date":"2021-08-05T14:07:24","date_gmt":"2021-08-05T14:07:24","guid":{"rendered":"https:\/\/isuzubushungary.hu\/?p=1149"},"modified":"2021-08-12T12:26:02","modified_gmt":"2021-08-12T12:26:02","slug":"isuzu-novociti-volt-bemutato","status":"publish","type":"post","link":"https:\/\/isuzubushungary.hu\/en\/2021\/08\/05\/isuzu-novociti-volt-bemutato\/","title":{"rendered":"ISUZU NOVOCITI VOLT &#8211; bemutat\u00f3"},"content":{"rendered":"<p>A BKK, a BKV \u00e9s P\u00e9cs v\u00e1rosi \u00e9s el\u0151v\u00e1rosi k\u00f6z\u00f6ss\u00e9gi k\u00f6zleked\u00e9s\u00e9t m\u0171k\u00f6dtet\u0151 T\u00fcke Busz K\u00f6z\u00f6ss\u00e9gi K\u00f6zleked\u00e9si Zrt is k\u00edv\u00e1ncsi volt az iBUS Hungary \u00faj ISUZU NOVOCITI VOLT z\u00e9r\u00f3 emisszi\u00f3s elektromos aut\u00f3buszaira, k\u00f6z\u00f6sen tartottunk pr\u00f3bamenetet az ISUZU egyik tulajdonos\u00e1nak, az ITOCHU EUROPE k\u00e9pvisel\u0151ivel Budai V\u00e1rban. A halk, megb\u00edzhat\u00f3, kis m\u00e9ret\u0171, olcs\u00f3bban fenntarthat\u00f3 buszokkal nem csup\u00e1n k\u00f6rnyezetbar\u00e1tabb, de m\u00e9g versenyk\u00e9pesebb lehet a k\u00f6z\u00f6ss\u00e9gi k\u00f6zleked\u00e9s a V\u00e1rban \u00e9s P\u00e9csett is. Akkor is, ha \u00e9ppen esik az es\u0151 \ud83d\ude0a<\/p><figure class=\"wp-block-gallery columns-1 is-cropped wp-block-gallery-1 is-layout-flex wp-block-gallery-is-layout-flex\"><ul class=\"blocks-gallery-grid\"><li class=\"blocks-gallery-item\"><figure><img fetchpriority=\"high\" decoding=\"async\" width=\"1024\" height=\"768\" src=\"https:\/\/isuzubushungary.hu\/wp-content\/uploads\/2021\/08\/20210805_125652-1024x768.jpg\" alt=\"\" data-id=\"1150\" data-link=\"https:\/\/isuzubushungary.hu\/?attachment_id=1150\" class=\"wp-image-1150\" srcset=\"https:\/\/isuzubushungary.hu\/wp-content\/uploads\/2021\/08\/20210805_125652-1024x768.jpg 1024w, https:\/\/isuzubushungary.hu\/wp-content\/uploads\/2021\/08\/20210805_125652-300x225.jpg 300w, https:\/\/isuzubushungary.hu\/wp-content\/uploads\/2021\/08\/20210805_125652-768x576.jpg 768w, https:\/\/isuzubushungary.hu\/wp-content\/uploads\/2021\/08\/20210805_125652-1536x1152.jpg 1536w, https:\/\/isuzubushungary.hu\/wp-content\/uploads\/2021\/08\/20210805_125652-2048x1536.jpg 2048w, https:\/\/isuzubushungary.hu\/wp-content\/uploads\/2021\/08\/20210805_125652-16x12.jpg 16w, https:\/\/isuzubushungary.hu\/wp-content\/uploads\/2021\/08\/20210805_125652-600x450.jpg 600w\" sizes=\"(max-width: 1024px) 100vw, 1024px\" \/><\/figure><\/li><\/ul><\/figure><figure class=\"wp-block-video\"><video controls src=\"https:\/\/isuzubushungary.hu\/wp-content\/uploads\/2021\/08\/20210805_125009.mp4\"><\/video><\/figure>","protected":false},"excerpt":{"rendered":"<p>A BKK, a BKV \u00e9s P\u00e9cs v\u00e1rosi \u00e9s el\u0151v\u00e1rosi k\u00f6z\u00f6ss\u00e9gi k\u00f6zleked\u00e9s\u00e9t m\u0171k\u00f6dtet\u0151 T\u00fcke Busz K\u00f6z\u00f6ss\u00e9gi K\u00f6zleked\u00e9si Zrt is k\u00edv\u00e1ncsi volt az iBUS Hungary \u00faj ISUZU NOVOCITI VOLT z\u00e9r\u00f3 emisszi\u00f3s elektromos aut\u00f3buszaira, k\u00f6z\u00f6sen tartottunk pr\u00f3bamenetet az ISUZU egyik tulajdonos\u00e1nak, az ITOCHU EUROPE k\u00e9pvisel\u0151ivel Budai V\u00e1rban. A halk, megb\u00edzhat\u00f3, kis m\u00e9ret\u0171, olcs\u00f3bban fenntarthat\u00f3 buszokkal nem csup\u00e1n k\u00f6rnyezetbar\u00e1tabb, [&hellip;]<\/p>","protected":false},"author":1,"featured_media":1152,"comment_status":"open","ping_status":"open","sticky":false,"template":"","format":"standard","meta":{"_acf_changed":false,"footnotes":""},"categories":[1],"tags":[],"class_list":["post-1149","post","type-post","status-publish","format-standard","has-post-thumbnail","hentry","category-egyeb"],"acf":[],"_links":{"self":[{"href":"https:\/\/isuzubushungary.hu\/en\/wp-json\/wp\/v2\/posts\/1149","targetHints":{"allow":["GET"]}}],"collection":[{"href":"https:\/\/isuzubushungary.hu\/en\/wp-json\/wp\/v2\/posts"}],"about":[{"href":"https:\/\/isuzubushungary.hu\/en\/wp-json\/wp\/v2\/types\/post"}],"author":[{"embeddable":true,"href":"https:\/\/isuzubushungary.hu\/en\/wp-json\/wp\/v2\/users\/1"}],"replies":[{"embeddable":true,"href":"https:\/\/isuzubushungary.hu\/en\/wp-json\/wp\/v2\/comments?post=1149"}],"version-history":[{"count":7,"href":"https:\/\/isuzubushungary.hu\/en\/wp-json\/wp\/v2\/posts\/1149\/revisions"}],"predecessor-version":[{"id":1160,"href":"https:\/\/isuzubushungary.hu\/en\/wp-json\/wp\/v2\/posts\/1149\/revisions\/1160"}],"wp:featuredmedia":[{"embeddable":true,"href":"https:\/\/isuzubushungary.hu\/en\/wp-json\/wp\/v2\/media\/1152"}],"wp:attachment":[{"href":"https:\/\/isuzubushungary.hu\/en\/wp-json\/wp\/v2\/media?parent=1149"}],"wp:term":[{"taxonomy":"category","embeddable":true,"href":"https:\/\/isuzubushungary.hu\/en\/wp-json\/wp\/v2\/categories?post=1149"},{"taxonomy":"post_tag","embeddable":true,"href":"https:\/\/isuzubushungary.hu\/en\/wp-json\/wp\/v2\/tags?post=1149"}],"curies":[{"name":"wp","href":"https:\/\/api.w.org\/{rel}","templated":true}]}}