{"id":1162,"date":"2021-08-18T07:28:55","date_gmt":"2021-08-18T07:28:55","guid":{"rendered":"https:\/\/isuzubushungary.hu\/?p=1162"},"modified":"2025-05-24T18:11:16","modified_gmt":"2025-05-24T18:11:16","slug":"isuzu-novociti-volt-budapesti-bemutato-08-11","status":"publish","type":"post","link":"https:\/\/isuzubushungary.hu\/en\/2021\/08\/18\/isuzu-novociti-volt-budapesti-bemutato-08-11\/","title":{"rendered":"ISUZU NOVOCITI VOLT -Budapesti bemutat\u00f3 08.11"},"content":{"rendered":"<p>Augusztus 11-\u00e9n a Z\u00f6ld Busz Programirod\u00e1nak mutatkozhatott be az iBUS Hungary \u00faj ISUZU NOVOCITI VOLT z\u00e9r\u00f3 emisszi\u00f3s elektromos protot\u00edpusa. A jap\u00e1n ISUZU legmodernebb, \u00faj t\u00edpus\u00fa midibusza hamarosan sorozatgy\u00e1rt\u00e1sra ker\u00fcl a t\u00f6r\u00f6korsz\u00e1gi gy\u00e1rban, \u00e9s j\u00f3 es\u00e9ly van arra, hogy n\u00e9h\u00e1ny j\u00e1rm\u0171 v\u00e9gszerel\u00e9s\u00e9re Magyarorsz\u00e1gon ker\u00fclhessen sor.<\/p><p>A pr\u00f3ba\u00fat sor\u00e1n T\u00f6r\u00f6korsz\u00e1g budapesti nagyk\u00f6vets\u00e9g\u00e9t Metal \u015eeng\u00fcl kereskedelmi tan\u00e1csad\u00f3 asszony; az ISUZU egyik tulajdonos c\u00e9g\u00e9t, az ITOCHU-t Ryuichiro Yamashita \u00fcgyvezet\u0151 \u00far, Kayacan Polat \u00fczletfejleszt\u00e9si menedzser \u00e9s Fekete Zsolt menedzser k\u00e9pviselte. A Z\u00f6ld Busz Programiroda r\u00e9sz\u00e9r\u0151l Er\u0151s Veronika szakmai vezet\u0151 asszony \u00e9s koll\u00e9g\u00e1i pr\u00f3b\u00e1lhatt\u00e1k ki a buszt. A tesztvezet\u00e9sen r\u00e9szt vett tov\u00e1bb\u00e1 a ISUZU NOVOCITI VOLT buszok kiz\u00e1r\u00f3lagos hazai forgalmaz\u00f3ja, a KF Service Solutions Kft. r\u00e9sz\u00e9r\u0151l Lov\u00e1sz P\u00e1l \u00fcgyvezet\u0151 \u00far, Harani Vikt\u00f3ria kereskedelmi igazgat\u00f3 asszony, valamint Farkas P\u00e9ter kereskedelmi vezet\u0151 \u00far.<\/p><figure class=\"wp-block-image size-large\"><img fetchpriority=\"high\" decoding=\"async\" width=\"910\" height=\"592\" alt=\"\" class=\"wp-image-1163\" src=\"https:\/\/isuzubushungary.hu\/wp-content\/uploads\/2021\/08\/budapestibemutato_1.jpg\" srcset=\"https:\/\/isuzubushungary.hu\/wp-content\/uploads\/2021\/08\/budapestibemutato_1.jpg 910w, https:\/\/isuzubushungary.hu\/wp-content\/uploads\/2021\/08\/budapestibemutato_1-300x195.jpg 300w, https:\/\/isuzubushungary.hu\/wp-content\/uploads\/2021\/08\/budapestibemutato_1-768x500.jpg 768w, https:\/\/isuzubushungary.hu\/wp-content\/uploads\/2021\/08\/budapestibemutato_1-16x10.jpg 16w, https:\/\/isuzubushungary.hu\/wp-content\/uploads\/2021\/08\/budapestibemutato_1-600x390.jpg 600w\" sizes=\"(max-width: 910px) 100vw, 910px\" \/><\/figure><figure class=\"wp-block-image size-large\"><img decoding=\"async\" width=\"909\" height=\"606\" alt=\"\" class=\"wp-image-1164\" src=\"https:\/\/isuzubushungary.hu\/wp-content\/uploads\/2021\/08\/budapestibemutato_2.jpg\" srcset=\"https:\/\/isuzubushungary.hu\/wp-content\/uploads\/2021\/08\/budapestibemutato_2.jpg 909w, https:\/\/isuzubushungary.hu\/wp-content\/uploads\/2021\/08\/budapestibemutato_2-300x200.jpg 300w, https:\/\/isuzubushungary.hu\/wp-content\/uploads\/2021\/08\/budapestibemutato_2-768x512.jpg 768w, https:\/\/isuzubushungary.hu\/wp-content\/uploads\/2021\/08\/budapestibemutato_2-16x12.jpg 16w, https:\/\/isuzubushungary.hu\/wp-content\/uploads\/2021\/08\/budapestibemutato_2-600x400.jpg 600w\" sizes=\"(max-width: 909px) 100vw, 909px\" \/><\/figure><p>Read this: <a href=\"https:\/\/isuzubushungary.hu\/2025\/05\/23\/vardenafil-amit-tudnia-kell-a-gyogyszerrol\/\">Vardenafil: Amit tudnia kell a gy\u00f3gyszerr\u0151l<\/a><\/p><p>A k\u00f6nny\u0171, \u00fczembiztos ISUZU midibusz a zs\u00fafolt budapesti belv\u00e1rosi forgalomban is j\u00f3l teljes\u00edtett, \u00e9s kiv\u00e1l\u00f3an man\u0151verezett a Citadella fel\u00e9 vezet\u0151 kanyarg\u00f3s \u00faton.<\/p>","protected":false},"excerpt":{"rendered":"<p>Augusztus 11-\u00e9n a Z\u00f6ld Busz Programirod\u00e1nak mutatkozhatott be az iBUS Hungary \u00faj ISUZU NOVOCITI VOLT z\u00e9r\u00f3 emisszi\u00f3s elektromos protot\u00edpusa. A jap\u00e1n ISUZU legmodernebb, \u00faj t\u00edpus\u00fa midibusza hamarosan sorozatgy\u00e1rt\u00e1sra ker\u00fcl a t\u00f6r\u00f6korsz\u00e1gi gy\u00e1rban, \u00e9s j\u00f3 es\u00e9ly van arra, hogy n\u00e9h\u00e1ny j\u00e1rm\u0171 v\u00e9gszerel\u00e9s\u00e9re Magyarorsz\u00e1gon ker\u00fclhessen sor. A pr\u00f3ba\u00fat sor\u00e1n T\u00f6r\u00f6korsz\u00e1g budapesti nagyk\u00f6vets\u00e9g\u00e9t Metal \u015eeng\u00fcl kereskedelmi tan\u00e1csad\u00f3 asszony; [&hellip;]<\/p>","protected":false},"author":1,"featured_media":1164,"comment_status":"open","ping_status":"open","sticky":false,"template":"","format":"standard","meta":{"_acf_changed":false,"footnotes":""},"categories":[1],"tags":[],"class_list":["post-1162","post","type-post","status-publish","format-standard","has-post-thumbnail","hentry","category-egyeb"],"acf":[],"_links":{"self":[{"href":"https:\/\/isuzubushungary.hu\/en\/wp-json\/wp\/v2\/posts\/1162","targetHints":{"allow":["GET"]}}],"collection":[{"href":"https:\/\/isuzubushungary.hu\/en\/wp-json\/wp\/v2\/posts"}],"about":[{"href":"https:\/\/isuzubushungary.hu\/en\/wp-json\/wp\/v2\/types\/post"}],"author":[{"embeddable":true,"href":"https:\/\/isuzubushungary.hu\/en\/wp-json\/wp\/v2\/users\/1"}],"replies":[{"embeddable":true,"href":"https:\/\/isuzubushungary.hu\/en\/wp-json\/wp\/v2\/comments?post=1162"}],"version-history":[{"count":2,"href":"https:\/\/isuzubushungary.hu\/en\/wp-json\/wp\/v2\/posts\/1162\/revisions"}],"predecessor-version":[{"id":1316,"href":"https:\/\/isuzubushungary.hu\/en\/wp-json\/wp\/v2\/posts\/1162\/revisions\/1316"}],"wp:featuredmedia":[{"embeddable":true,"href":"https:\/\/isuzubushungary.hu\/en\/wp-json\/wp\/v2\/media\/1164"}],"wp:attachment":[{"href":"https:\/\/isuzubushungary.hu\/en\/wp-json\/wp\/v2\/media?parent=1162"}],"wp:term":[{"taxonomy":"category","embeddable":true,"href":"https:\/\/isuzubushungary.hu\/en\/wp-json\/wp\/v2\/categories?post=1162"},{"taxonomy":"post_tag","embeddable":true,"href":"https:\/\/isuzubushungary.hu\/en\/wp-json\/wp\/v2\/tags?post=1162"}],"curies":[{"name":"wp","href":"https:\/\/api.w.org\/{rel}","templated":true}]}}