{"id":1167,"date":"2021-09-06T18:47:32","date_gmt":"2021-09-06T18:47:32","guid":{"rendered":"https:\/\/isuzubushungary.hu\/?p=1167"},"modified":"2021-09-06T18:47:32","modified_gmt":"2021-09-06T18:47:32","slug":"megerkezett-az-isuzu-grand-toro","status":"publish","type":"post","link":"https:\/\/isuzubushungary.hu\/en\/2021\/09\/06\/megerkezett-az-isuzu-grand-toro\/","title":{"rendered":"Meg\u00e9rkezett az Isuzu Grand Toro"},"content":{"rendered":"<p>A Grand Toro egy 8,5 m-es aut\u00f3busz, amely ide\u00e1lis r\u00f6vid \u00e9s k\u00f6z\u00e9pt\u00e1v\u00fa turisztikai vagy ak\u00e1r rep\u00fcl\u0151t\u00e9ri sz\u00e1ll\u00edt\u00e1sokhoz is. Az \u00faj 37 f\u00e9r\u0151helyes Grand Toro magas szint\u0171 k\u00e9nyelmet biztos\u00edt \u00fagy vezet\u0151j\u00e9nek \u00e9s utasainak is.<\/p><p>Ig\u00e9ny eset\u00e9n tesztvezet\u00e9sre rendelkez\u00e9s\u00e9re bocs\u00e1tjuk! V\u00e1rjuk megkeres\u00e9s\u00e9t!<\/p><figure class=\"wp-block-gallery columns-3 is-cropped wp-block-gallery-1 is-layout-flex wp-block-gallery-is-layout-flex\"><ul class=\"blocks-gallery-grid\"><li class=\"blocks-gallery-item\"><figure><img fetchpriority=\"high\" decoding=\"async\" width=\"1024\" height=\"768\" src=\"https:\/\/isuzubushungary.hu\/wp-content\/uploads\/2021\/09\/20210903_134408-1024x768.jpg\" alt=\"\" data-id=\"1168\" data-full-url=\"https:\/\/isuzubushungary.hu\/wp-content\/uploads\/2021\/09\/20210903_134408-scaled.jpg\" data-link=\"https:\/\/isuzubushungary.hu\/?attachment_id=1168\" class=\"wp-image-1168\" srcset=\"https:\/\/isuzubushungary.hu\/wp-content\/uploads\/2021\/09\/20210903_134408-1024x768.jpg 1024w, https:\/\/isuzubushungary.hu\/wp-content\/uploads\/2021\/09\/20210903_134408-300x225.jpg 300w, https:\/\/isuzubushungary.hu\/wp-content\/uploads\/2021\/09\/20210903_134408-768x576.jpg 768w, https:\/\/isuzubushungary.hu\/wp-content\/uploads\/2021\/09\/20210903_134408-1536x1152.jpg 1536w, https:\/\/isuzubushungary.hu\/wp-content\/uploads\/2021\/09\/20210903_134408-2048x1536.jpg 2048w, https:\/\/isuzubushungary.hu\/wp-content\/uploads\/2021\/09\/20210903_134408-16x12.jpg 16w, https:\/\/isuzubushungary.hu\/wp-content\/uploads\/2021\/09\/20210903_134408-600x450.jpg 600w\" sizes=\"(max-width: 1024px) 100vw, 1024px\" \/><\/figure><\/li><li class=\"blocks-gallery-item\"><figure><img decoding=\"async\" width=\"1024\" height=\"768\" src=\"https:\/\/isuzubushungary.hu\/wp-content\/uploads\/2021\/09\/20210903_134553-1024x768.jpg\" alt=\"\" data-id=\"1169\" data-full-url=\"https:\/\/isuzubushungary.hu\/wp-content\/uploads\/2021\/09\/20210903_134553-scaled.jpg\" data-link=\"https:\/\/isuzubushungary.hu\/?attachment_id=1169\" class=\"wp-image-1169\" srcset=\"https:\/\/isuzubushungary.hu\/wp-content\/uploads\/2021\/09\/20210903_134553-1024x768.jpg 1024w, https:\/\/isuzubushungary.hu\/wp-content\/uploads\/2021\/09\/20210903_134553-300x225.jpg 300w, https:\/\/isuzubushungary.hu\/wp-content\/uploads\/2021\/09\/20210903_134553-768x576.jpg 768w, https:\/\/isuzubushungary.hu\/wp-content\/uploads\/2021\/09\/20210903_134553-1536x1152.jpg 1536w, https:\/\/isuzubushungary.hu\/wp-content\/uploads\/2021\/09\/20210903_134553-2048x1536.jpg 2048w, https:\/\/isuzubushungary.hu\/wp-content\/uploads\/2021\/09\/20210903_134553-16x12.jpg 16w, https:\/\/isuzubushungary.hu\/wp-content\/uploads\/2021\/09\/20210903_134553-600x450.jpg 600w\" sizes=\"(max-width: 1024px) 100vw, 1024px\" \/><\/figure><\/li><li class=\"blocks-gallery-item\"><figure><img decoding=\"async\" width=\"1024\" height=\"768\" src=\"https:\/\/isuzubushungary.hu\/wp-content\/uploads\/2021\/09\/20210903_134656-1024x768.jpg\" alt=\"\" data-id=\"1170\" data-full-url=\"https:\/\/isuzubushungary.hu\/wp-content\/uploads\/2021\/09\/20210903_134656-scaled.jpg\" data-link=\"https:\/\/isuzubushungary.hu\/?attachment_id=1170\" class=\"wp-image-1170\" srcset=\"https:\/\/isuzubushungary.hu\/wp-content\/uploads\/2021\/09\/20210903_134656-1024x768.jpg 1024w, https:\/\/isuzubushungary.hu\/wp-content\/uploads\/2021\/09\/20210903_134656-300x225.jpg 300w, https:\/\/isuzubushungary.hu\/wp-content\/uploads\/2021\/09\/20210903_134656-768x576.jpg 768w, https:\/\/isuzubushungary.hu\/wp-content\/uploads\/2021\/09\/20210903_134656-1536x1152.jpg 1536w, https:\/\/isuzubushungary.hu\/wp-content\/uploads\/2021\/09\/20210903_134656-2048x1536.jpg 2048w, https:\/\/isuzubushungary.hu\/wp-content\/uploads\/2021\/09\/20210903_134656-16x12.jpg 16w, https:\/\/isuzubushungary.hu\/wp-content\/uploads\/2021\/09\/20210903_134656-600x450.jpg 600w\" sizes=\"(max-width: 1024px) 100vw, 1024px\" \/><\/figure><\/li><li class=\"blocks-gallery-item\"><figure><img loading=\"lazy\" decoding=\"async\" width=\"1024\" height=\"768\" src=\"https:\/\/isuzubushungary.hu\/wp-content\/uploads\/2021\/09\/20210903_134835-1024x768.jpg\" alt=\"\" data-id=\"1171\" data-full-url=\"https:\/\/isuzubushungary.hu\/wp-content\/uploads\/2021\/09\/20210903_134835-scaled.jpg\" data-link=\"https:\/\/isuzubushungary.hu\/?attachment_id=1171\" class=\"wp-image-1171\" srcset=\"https:\/\/isuzubushungary.hu\/wp-content\/uploads\/2021\/09\/20210903_134835-1024x768.jpg 1024w, https:\/\/isuzubushungary.hu\/wp-content\/uploads\/2021\/09\/20210903_134835-300x225.jpg 300w, https:\/\/isuzubushungary.hu\/wp-content\/uploads\/2021\/09\/20210903_134835-768x576.jpg 768w, https:\/\/isuzubushungary.hu\/wp-content\/uploads\/2021\/09\/20210903_134835-1536x1152.jpg 1536w, https:\/\/isuzubushungary.hu\/wp-content\/uploads\/2021\/09\/20210903_134835-2048x1536.jpg 2048w, https:\/\/isuzubushungary.hu\/wp-content\/uploads\/2021\/09\/20210903_134835-16x12.jpg 16w, https:\/\/isuzubushungary.hu\/wp-content\/uploads\/2021\/09\/20210903_134835-600x450.jpg 600w\" sizes=\"(max-width: 1024px) 100vw, 1024px\" \/><\/figure><\/li><li class=\"blocks-gallery-item\"><figure><img loading=\"lazy\" decoding=\"async\" width=\"1024\" height=\"768\" src=\"https:\/\/isuzubushungary.hu\/wp-content\/uploads\/2021\/09\/20210903_135419-1024x768.jpg\" alt=\"\" data-id=\"1172\" data-full-url=\"https:\/\/isuzubushungary.hu\/wp-content\/uploads\/2021\/09\/20210903_135419-scaled.jpg\" data-link=\"https:\/\/isuzubushungary.hu\/?attachment_id=1172\" class=\"wp-image-1172\" srcset=\"https:\/\/isuzubushungary.hu\/wp-content\/uploads\/2021\/09\/20210903_135419-1024x768.jpg 1024w, https:\/\/isuzubushungary.hu\/wp-content\/uploads\/2021\/09\/20210903_135419-300x225.jpg 300w, https:\/\/isuzubushungary.hu\/wp-content\/uploads\/2021\/09\/20210903_135419-768x576.jpg 768w, https:\/\/isuzubushungary.hu\/wp-content\/uploads\/2021\/09\/20210903_135419-1536x1152.jpg 1536w, https:\/\/isuzubushungary.hu\/wp-content\/uploads\/2021\/09\/20210903_135419-2048x1536.jpg 2048w, https:\/\/isuzubushungary.hu\/wp-content\/uploads\/2021\/09\/20210903_135419-16x12.jpg 16w, https:\/\/isuzubushungary.hu\/wp-content\/uploads\/2021\/09\/20210903_135419-600x450.jpg 600w\" sizes=\"(max-width: 1024px) 100vw, 1024px\" \/><\/figure><\/li><li class=\"blocks-gallery-item\"><figure><img loading=\"lazy\" decoding=\"async\" width=\"1024\" height=\"768\" src=\"https:\/\/isuzubushungary.hu\/wp-content\/uploads\/2021\/09\/20210903_135808-1024x768.jpg\" alt=\"\" data-id=\"1173\" data-full-url=\"https:\/\/isuzubushungary.hu\/wp-content\/uploads\/2021\/09\/20210903_135808-scaled.jpg\" data-link=\"https:\/\/isuzubushungary.hu\/?attachment_id=1173\" class=\"wp-image-1173\" srcset=\"https:\/\/isuzubushungary.hu\/wp-content\/uploads\/2021\/09\/20210903_135808-1024x768.jpg 1024w, https:\/\/isuzubushungary.hu\/wp-content\/uploads\/2021\/09\/20210903_135808-300x225.jpg 300w, https:\/\/isuzubushungary.hu\/wp-content\/uploads\/2021\/09\/20210903_135808-768x576.jpg 768w, https:\/\/isuzubushungary.hu\/wp-content\/uploads\/2021\/09\/20210903_135808-1536x1152.jpg 1536w, https:\/\/isuzubushungary.hu\/wp-content\/uploads\/2021\/09\/20210903_135808-2048x1536.jpg 2048w, https:\/\/isuzubushungary.hu\/wp-content\/uploads\/2021\/09\/20210903_135808-16x12.jpg 16w, https:\/\/isuzubushungary.hu\/wp-content\/uploads\/2021\/09\/20210903_135808-600x450.jpg 600w\" sizes=\"(max-width: 1024px) 100vw, 1024px\" \/><\/figure><\/li><\/ul><\/figure>","protected":false},"excerpt":{"rendered":"<p>A Grand Toro egy 8,5 m-es aut\u00f3busz, amely ide\u00e1lis r\u00f6vid \u00e9s k\u00f6z\u00e9pt\u00e1v\u00fa turisztikai vagy ak\u00e1r rep\u00fcl\u0151t\u00e9ri sz\u00e1ll\u00edt\u00e1sokhoz is. Az \u00faj 37 f\u00e9r\u0151helyes Grand Toro magas szint\u0171 k\u00e9nyelmet biztos\u00edt \u00fagy vezet\u0151j\u00e9nek \u00e9s utasainak is. Ig\u00e9ny eset\u00e9n tesztvezet\u00e9sre rendelkez\u00e9s\u00e9re bocs\u00e1tjuk! V\u00e1rjuk megkeres\u00e9s\u00e9t!<\/p>","protected":false},"author":1,"featured_media":1172,"comment_status":"open","ping_status":"open","sticky":false,"template":"","format":"standard","meta":{"_acf_changed":false,"footnotes":""},"categories":[1],"tags":[],"class_list":["post-1167","post","type-post","status-publish","format-standard","has-post-thumbnail","hentry","category-egyeb"],"acf":[],"_links":{"self":[{"href":"https:\/\/isuzubushungary.hu\/en\/wp-json\/wp\/v2\/posts\/1167","targetHints":{"allow":["GET"]}}],"collection":[{"href":"https:\/\/isuzubushungary.hu\/en\/wp-json\/wp\/v2\/posts"}],"about":[{"href":"https:\/\/isuzubushungary.hu\/en\/wp-json\/wp\/v2\/types\/post"}],"author":[{"embeddable":true,"href":"https:\/\/isuzubushungary.hu\/en\/wp-json\/wp\/v2\/users\/1"}],"replies":[{"embeddable":true,"href":"https:\/\/isuzubushungary.hu\/en\/wp-json\/wp\/v2\/comments?post=1167"}],"version-history":[{"count":1,"href":"https:\/\/isuzubushungary.hu\/en\/wp-json\/wp\/v2\/posts\/1167\/revisions"}],"predecessor-version":[{"id":1174,"href":"https:\/\/isuzubushungary.hu\/en\/wp-json\/wp\/v2\/posts\/1167\/revisions\/1174"}],"wp:featuredmedia":[{"embeddable":true,"href":"https:\/\/isuzubushungary.hu\/en\/wp-json\/wp\/v2\/media\/1172"}],"wp:attachment":[{"href":"https:\/\/isuzubushungary.hu\/en\/wp-json\/wp\/v2\/media?parent=1167"}],"wp:term":[{"taxonomy":"category","embeddable":true,"href":"https:\/\/isuzubushungary.hu\/en\/wp-json\/wp\/v2\/categories?post=1167"},{"taxonomy":"post_tag","embeddable":true,"href":"https:\/\/isuzubushungary.hu\/en\/wp-json\/wp\/v2\/tags?post=1167"}],"curies":[{"name":"wp","href":"https:\/\/api.w.org\/{rel}","templated":true}]}}